{"id":7665,"date":"2026-09-04T23:53:10","date_gmt":"2026-09-04T21:53:10","guid":{"rendered":"https:\/\/brussels.diamondleague.com\/?p=7665"},"modified":"2026-09-04T23:54:33","modified_gmt":"2026-09-04T21:54:33","slug":"karalis-je-vis-mes-reves","status":"publish","type":"post","link":"https:\/\/brussels.diamondleague.com\/fr\/karalis-je-vis-mes-reves\/","title":{"rendered":"Karalis: &#8220;Je vis mes r\u00eaves&#8221;"},"content":{"rendered":"\n<p>En raison d&#8217;une l\u00e9g\u00e8re blessure \u00e0 la jambe, Mondo Duplantis a d\u00e9cid\u00e9 au dernier moment de d\u00e9clarer forfait pour la finale de la Wanda Diamond League lors de l&#8217;Allianz M\u00e9morial Van Damme.<\/p>\n\n\n\n<p>&#8220;J\u2019aurais aim\u00e9 disputer un duel passionnant contre Mondo, mais malheureusement, les blessures font partie int\u00e9grante de notre sport&#8221;, a d\u00e9clar\u00e9 Karalis. &#8220;Son forfait a donn\u00e9 \u00e0 quelqu\u2019un d\u2019autre la chance de gagner et je suis extr\u00eamement heureux d\u2019avoir su saisir cette opportunit\u00e9.&#8221;<\/p>\n\n\n\n<p>Karalis s&#8217;est impos\u00e9 avec un saut \u00e0 6,12 m, soit un centim\u00e8tre de plus que le record du meeting \u00e9tabli par Duplantis \u00e0 Bruxelles en 2024.<\/p>\n\n\n\n<p>&#8220;C&#8217;est ma premi\u00e8re victoire dans une finale de la Diamond League, un troph\u00e9e qui symbolise le fait que je vis actuellement mes r\u00eaves.&#8221;<\/p>\n\n\n\n<p>&#8220;Le stade \u00e9tait rempli de Grecs. C\u2019est incroyable le nombre de compatriotes qui \u00e9taient pr\u00e9sents ce soir. Cette ann\u00e9e, je re\u00e7ois le soutien et la reconnaissance du monde entier, ce qui rend cette p\u00e9riode de ma carri\u00e8re encore plus sp\u00e9ciale. Je suis extr\u00eamement reconnaissant d\u2019en \u00eatre arriv\u00e9 l\u00e0 aujourd\u2019hui&#8221;, a d\u00e9clar\u00e9 le laur\u00e9at grec, qui a cr\u00e9\u00e9 la surprise.<\/p>\n\n\n\n<p><strong>DUPLANTIS DECU<\/strong><\/p>\n\n\n\n<p>Quelle est la gravit\u00e9 de la blessure de Duplantis ? &#8220;Le probl\u00e8me \u00e0 ma jambe a commenc\u00e9 \u00e0 Londres&#8221;, a expliqu\u00e9 le Su\u00e9dois. &#8220;Depuis, je me sentais plut\u00f4t bien et j&#8217;ai beaucoup travaill\u00e9, mais \u00e0 Zurich, la douleur est revenue. J&#8217;ai quand m\u00eame pers\u00e9v\u00e9r\u00e9, peut-\u00eatre m\u00eame un peu trop.&#8221;<\/p>\n\n\n\n<p>&#8220;Je m&#8217;\u00e9tais promis de ne pas sauter si je ressentais \u00e0 nouveau cette g\u00eane pendant l&#8217;\u00e9chauffement. C&#8217;est pourquoi j&#8217;ai pris la d\u00e9cision difficile de ne pas prendre le d\u00e9part. Le pire qui puisse arriver, c&#8217;est de devoir se retirer d&#8217;une comp\u00e9tition. Les supporters voulaient assister \u00e0 un beau spectacle et j&#8217;aurais aim\u00e9 leur offrir cela.&#8221;<\/p>\n\n\n\n<p>&#8220;C&#8217;est extr\u00eamement difficile, mais c&#8217;est la vie, et c&#8217;est aussi la vie d&#8217;un athl\u00e8te. J&#8217;ai plein de pens\u00e9es qui me traversent l&#8217;esprit. J&#8217;essaie de rester calme et positif. Reste \u00e0 voir si je pourrai participer aux Ultimate Championships de la semaine prochaine \u00e0 Budapest. Pour l&#8217;instant, je n&#8217;ai pas de r\u00e9ponse \u00e0 cette question.&#8221;<\/p>\n","protected":false},"excerpt":{"rendered":"<p>Non pas Mondo Duplantis, mais bien Manolo Karalis. Le Grec a remport\u00e9 la finale du saut \u00e0 la...","protected":false},"author":92,"featured_media":7663,"comment_status":"closed","ping_status":"closed","sticky":false,"template":"","format":"standard","meta":{"_acf_changed":false,"footnotes":""},"categories":[46],"tags":[],"city":[],"class_list":["post-7665","post","type-post","status-publish","format-standard","has-post-thumbnail","hentry","category-bruxelles"],"acf":[],"_links":{"self":[{"href":"https:\/\/brussels.diamondleague.com\/fr\/wp-json\/wp\/v2\/posts\/7665","targetHints":{"allow":["GET"]}}],"collection":[{"href":"https:\/\/brussels.diamondleague.com\/fr\/wp-json\/wp\/v2\/posts"}],"about":[{"href":"https:\/\/brussels.diamondleague.com\/fr\/wp-json\/wp\/v2\/types\/post"}],"author":[{"embeddable":true,"href":"https:\/\/brussels.diamondleague.com\/fr\/wp-json\/wp\/v2\/users\/92"}],"replies":[{"embeddable":true,"href":"https:\/\/brussels.diamondleague.com\/fr\/wp-json\/wp\/v2\/comments?post=7665"}],"version-history":[{"count":1,"href":"https:\/\/brussels.diamondleague.com\/fr\/wp-json\/wp\/v2\/posts\/7665\/revisions"}],"predecessor-version":[{"id":7666,"href":"https:\/\/brussels.diamondleague.com\/fr\/wp-json\/wp\/v2\/posts\/7665\/revisions\/7666"}],"wp:featuredmedia":[{"embeddable":true,"href":"https:\/\/brussels.diamondleague.com\/fr\/wp-json\/wp\/v2\/media\/7663"}],"wp:attachment":[{"href":"https:\/\/brussels.diamondleague.com\/fr\/wp-json\/wp\/v2\/media?parent=7665"}],"wp:term":[{"taxonomy":"category","embeddable":true,"href":"https:\/\/brussels.diamondleague.com\/fr\/wp-json\/wp\/v2\/categories?post=7665"},{"taxonomy":"post_tag","embeddable":true,"href":"https:\/\/brussels.diamondleague.com\/fr\/wp-json\/wp\/v2\/tags?post=7665"},{"taxonomy":"city","embeddable":true,"href":"https:\/\/brussels.diamondleague.com\/fr\/wp-json\/wp\/v2\/city?post=7665"}],"curies":[{"name":"wp","href":"https:\/\/api.w.org\/{rel}","templated":true}]}}