{"id":3830,"date":"2016-08-30T12:26:31","date_gmt":"2016-08-30T12:26:31","guid":{"rendered":"https:\/\/brussels.diamondleague.com\/2016\/08\/30\/celebrites-et-specialites-du-memorial-van-damme\/"},"modified":"2016-08-30T12:26:31","modified_gmt":"2016-08-30T12:26:31","slug":"celebrites-et-specialites-du-memorial-van-damme","status":"publish","type":"post","link":"https:\/\/brussels.diamondleague.com\/fr\/celebrites-et-specialites-du-memorial-van-damme\/","title":{"rendered":"C\u00e9l\u00e9brit\u00e9s et &#8216;sp\u00e9cialit\u00e9s&#8217; du M\u00e9morial Van Damme"},"content":{"rendered":"<p>De nombreuses c\u00e9l\u00e9brit\u00e9s se rendront le 9 septembre au M\u00e9morial Van Damme. Aux c\u00f4t\u00e9s des rois et des reines de l&#8217;athl\u00e9tisme sur la piste, l&#8217;AG Insurance M\u00e9morial Van Damme est enchant\u00e9 de pouvoir annoncer la pr\u00e9sence du couple royal. Le Prince Albert de Monaco, qui est \u00e9galement membre du CIO, effectuera sp\u00e9cialement le d\u00e9placement depuis Monaco. Il s&#8217;agira pour lui d&#8217;une seconde visite au M\u00e9morial.<\/p>\n<p>L&#8217;ancien pr\u00e9sident du CIO Jacques Rogge ne voulait pour rien au monde manquer le 40i\u00e8me anniversaire du M\u00e9morial Van Damme. Tout comme le pr\u00e9sident de l&#8217;IAAF Sebastian Coe et la l\u00e9gende du saut \u00e0 la perche Sergey Bubka.<\/p>\n<p>Par ailleurs, 1000 militaires ont re\u00e7u une invitation pour assister au M\u00e9morial. Ceci en guise de remerciement pour l&#8217;engagement exceptionnel des militaires lors de leurs missions de s\u00e9curit\u00e9 dans l&#8217;ensemble du pays. <\/p>\n<p>Avant le coup d&#8217;envoi des \u00e9preuves sportives, les spectateurs auront une premi\u00e8re fois l&#8217;occasion de donner de la voix. Dirk Van Tichelt, Jolien D&#8217;Hoore et une d\u00e9l\u00e9gation de hockeyeurs m\u00e9daill\u00e9s d&#8217;argent notamment seront fleuris lors d&#8217;un tour d&#8217;honneur olympique. <\/p>\n<p>Kim Gevaert, Elodie Ouedraogo, Olivia Borl\u00e9e et Hanna Mari\u00ebn recevront officiellement leur m\u00e9daille d&#8217;or olympique le 9 septembre. Apr\u00e8s la disqualification des Russes, la victoire du 4x100m \u00e0 P\u00e9kin est revenue aux filles belges. Le quatuor sera honor\u00e9 comme il se doit lors du prochain M\u00e9morial et recevront leur m\u00e9daille d&#8217;or. Ce qui constituera \u00e0 n&#8217;en pas douter un grand moment de cette 40i\u00e8me \u00e9dition pour ces jeunes femmes ainsi que pour l&#8217;ensemble du stade.<\/p>\n<p>Man versus machine<\/p>\n<p>Lors du M\u00e9morial, une course exceptionnelle de 600m figure au programme. Une voiture aliment\u00e9e par l&#8217;\u00e9nergie solaire sera oppos\u00e9e \u00e0 un athl\u00e8te. La voiture disposera d&#8217;un tour de piste pour prendre son r\u00e9gime de croisi\u00e8re, mais une fois \u00e0 pleine puissance le duel pourra commencer! <\/p>\n<p>AG Insurance Urban Memorial Van Damme<\/p>\n<p>Le dimanche 4 septembre, l&#8217;AG Insurance M\u00e9morial Van Damme se d\u00e9place au coeur de Bruxelles. Le boulevard Anspach sera transform\u00e9 en piste d&#8217;athl\u00e9tisme rectiligne de 200 m\u00e8tres sur laquelle Jonathan et Dylan Borl\u00e9e feront leur apparition. Jonathan tentera sur le boulevard Anspach de battre le record d&#8217;Europe du &#8216;200m en ligne droite&#8217; (20&#8217;64&quot;).<\/p>\n<p>Au c\u00f4t\u00e9 du &#8216;simple&#8217; 200m, 2 autres courses de haies spectaculaires composent le programme. Chez les femmes, Axelle Dauwens, sp\u00e9cialiste du 400m haies, sera oppos\u00e9e \u00e0 Anne Zagr\u00e9, d&#8217;ordinaire habitu\u00e9e du 100m haies. On sera curieux d&#8217;assister chez les messieurs au clash entre les sp\u00e9cialistes du 110m haies Denis Hanjoul et Damien Broothaerts, versus lesd coureurs de 400m haies Micha\u00ebl Bultheel et le Sud-Africain Louis Jacob (LJ pour les amis) Van Zyl. Le Sud-Africain a remport\u00e9 le bronze au CM 2011 \u00e0 Daegu, en Cor\u00e9e du Sud. <\/p>\n<p>Cette ann\u00e9e, et pour la premi\u00e8re fois, une des \u00e9preuves du M\u00e9morial se d\u00e9roulera en dehors du cadre stricto sensu du stade Roi Baudouin. La veille de l&#8217;AG Insurance M\u00e9morial Van Damme le vendredi 9 septembre, la finale du lancer du poids sera organis\u00e9e sur la mythique Grand-Place de Bruxelles, \u00e0 un jet de poids de l&#8217;H\u00f4tel de Ville! Le podium olympique de Rio au complet a r\u00e9pondu pr\u00e9sent, avec en t\u00eate la nouvelle championne olympique, l&#8217;Am\u00e9ricaine Michelle Carter, ainsi que la N\u00e9o-Z\u00e9landaise Valerie Adams (argent) et la Hongroise Anita Marton (bronze).&nbsp;<\/p>\n","protected":false},"excerpt":{"rendered":"<p>L&#8217;AG Insurance M\u00e9morial Van Damme est bien plus qu&#8217;une simple soir\u00e9e...","protected":false},"author":0,"featured_media":1252,"comment_status":"open","ping_status":"closed","sticky":false,"template":"","format":"standard","meta":{"_acf_changed":false,"footnotes":""},"categories":[19],"tags":[],"city":[],"class_list":["post-3830","post","type-post","status-publish","format-standard","has-post-thumbnail","hentry","category-brussels"],"acf":[],"_links":{"self":[{"href":"https:\/\/brussels.diamondleague.com\/fr\/wp-json\/wp\/v2\/posts\/3830","targetHints":{"allow":["GET"]}}],"collection":[{"href":"https:\/\/brussels.diamondleague.com\/fr\/wp-json\/wp\/v2\/posts"}],"about":[{"href":"https:\/\/brussels.diamondleague.com\/fr\/wp-json\/wp\/v2\/types\/post"}],"replies":[{"embeddable":true,"href":"https:\/\/brussels.diamondleague.com\/fr\/wp-json\/wp\/v2\/comments?post=3830"}],"version-history":[{"count":0,"href":"https:\/\/brussels.diamondleague.com\/fr\/wp-json\/wp\/v2\/posts\/3830\/revisions"}],"wp:featuredmedia":[{"embeddable":true,"href":"https:\/\/brussels.diamondleague.com\/fr\/wp-json\/wp\/v2\/media\/1252"}],"wp:attachment":[{"href":"https:\/\/brussels.diamondleague.com\/fr\/wp-json\/wp\/v2\/media?parent=3830"}],"wp:term":[{"taxonomy":"category","embeddable":true,"href":"https:\/\/brussels.diamondleague.com\/fr\/wp-json\/wp\/v2\/categories?post=3830"},{"taxonomy":"post_tag","embeddable":true,"href":"https:\/\/brussels.diamondleague.com\/fr\/wp-json\/wp\/v2\/tags?post=3830"},{"taxonomy":"city","embeddable":true,"href":"https:\/\/brussels.diamondleague.com\/fr\/wp-json\/wp\/v2\/city?post=3830"}],"curies":[{"name":"wp","href":"https:\/\/api.w.org\/{rel}","templated":true}]}}